{"id":188,"date":"2018-04-12T18:29:20","date_gmt":"2018-04-12T18:29:20","guid":{"rendered":"http:\/\/bundtestifte.de\/?p=188"},"modified":"2019-04-02T13:06:09","modified_gmt":"2019-04-02T13:06:09","slug":"protokoll-der-vereinssitzung-vom-12-04-2018","status":"publish","type":"post","link":"https:\/\/bundtestifte.de\/?p=188","title":{"rendered":"Protokoll der Vereinssitzung vom 12.04.2018"},"content":{"rendered":"<p>Anwesende: Anja, Michael, Tino, Peer, Franziska<\/p>\n<ol>\n<li><strong>Neue Mitglieder<\/strong><\/li>\n<\/ol>\n<ul>\n<li>2 Anfragen mit Bekundung Interesse per Mail,<\/li>\n<li>Michael anstelle seiner Frau Antje vor Ort.<\/li>\n<\/ul>\n<ol start=\"2\">\n<li><strong>Kletterger\u00e4t<\/strong><\/li>\n<\/ol>\n<ul>\n<li><em>Es wurden<\/em> 3500 \u20ac an die Schule \u00fcberwiesen.<\/li>\n<li>Organisation und Ausf\u00fchrung des Baus komplett bei der Schule.<\/li>\n<li>Skizze f\u00fcr uns\/unsere Homepage wird von der Schule per Mail zur Verf\u00fcgung gestellt.<\/li>\n<li>Spendenlauf beim Sommerfest\/Kulturgewitter als \u201eEndspurt\u201c f\u00fcr Sammelaktion, danach neues \u201eProjekt\u201c.<\/li>\n<\/ul>\n<ol start=\"3\">\n<li><strong>Arbeitseinsatz<\/strong><\/li>\n<\/ol>\n<ul>\n<li>Steine klopfen steht an sowie der Hofputz. Die Schule ben\u00f6tigt noch Zeit und gibt dann einen Terminvorschlag ab.<\/li>\n<\/ul>\n<ol start=\"4\">\n<li><strong>Kulturgewitter=Sommerfest<\/strong><\/li>\n<\/ol>\n<ul>\n<li>Am 29.6.2018 findet in diesem Jahr das Sommerfest als gemeinsame Vernastaltung mit dem Kulturgewitter statt. Geplant ist:<\/li>\n<li>Vormittags Workshops\/Projektarbeit f\u00fcr die Kinder, ab ca. 14 Uhr Sommerfest, ab 17 Uhr Kulturgewitter mit Zirkusprojekt-Vorstellung der Gro\u00dfen,<\/li>\n<li>insgesamt sind viele Auff\u00fchrungen dieses Jahr geplant,<\/li>\n<li>Feinabstimmung der Schule innerhalb der kommenden 4 Wochen, dann Mitteilung dar\u00fcber an uns zur besseren Planung,<\/li>\n<li>Der Verein m\u00f6chte den Spendenlauf wiederholen.<\/li>\n<li>ein Stand neben dem Start der L\u00e4ufer als Sonnenschutz und Ablage f\u00fcr die Rundenz\u00e4hler wurde zugesichert,<\/li>\n<li>Wasser f\u00fcr die L\u00e4ufer am Start kostenlos,<\/li>\n<li>Bowleverkauf optional, wenn wir genug Menschen zusammen bekommen, die am Stand verkaufen und man sich abl\u00f6sen kann<\/li>\n<li>ACHTUNG: R\u00fcckmeldung von Herrn Fritsch und Kranich- Begr\u00fcnung des abgesperrten Streifens auf der Kastanienallee vorgesehen, sodass evtl. zu dieser Zeit nicht betretbar, da ges\u00e4t (R\u00fcckmeldung folgt)<\/li>\n<\/ul>\n<ol start=\"5\">\n<li><strong>Organisatorisches<\/strong><\/li>\n<\/ol>\n<ul>\n<li>Steuererkl\u00e4rung ist dieses Jahr f\u00e4llig.<\/li>\n<\/ul>\n<ol start=\"6\">\n<li><strong>N\u00e4chstes Treffen<\/strong> wird via Dudle abgestimmt.<\/li>\n<\/ol>\n","protected":false},"excerpt":{"rendered":"<p>Anwesende: Anja, Michael, Tino, Peer, Franziska Neue Mitglieder 2 Anfragen mit Bekundung Interesse per Mail, Michael anstelle seiner Frau Antje vor Ort. Kletterger\u00e4t Es wurden 3500 \u20ac an die Schule \u00fcberwiesen. Organisation und Ausf\u00fchrung des Baus komplett bei der Schule. Skizze f\u00fcr uns\/unsere Homepage wird von der Schule per Mail zur Verf\u00fcgung gestellt. Spendenlauf beim &hellip; <a href=\"https:\/\/bundtestifte.de\/?p=188\" class=\"more-link\"><span class=\"screen-reader-text\">Protokoll der Vereinssitzung vom 12.04.2018<\/span> weiterlesen<\/a><\/p>\n","protected":false},"author":1,"featured_media":229,"comment_status":"closed","ping_status":"closed","sticky":false,"template":"","format":"standard","meta":{"footnotes":""},"categories":[1,3],"tags":[],"class_list":["post-188","post","type-post","status-publish","format-standard","has-post-thumbnail","hentry","category-uncategorized","category-vereinssitzungen"],"_links":{"self":[{"href":"https:\/\/bundtestifte.de\/index.php?rest_route=\/wp\/v2\/posts\/188","targetHints":{"allow":["GET"]}}],"collection":[{"href":"https:\/\/bundtestifte.de\/index.php?rest_route=\/wp\/v2\/posts"}],"about":[{"href":"https:\/\/bundtestifte.de\/index.php?rest_route=\/wp\/v2\/types\/post"}],"author":[{"embeddable":true,"href":"https:\/\/bundtestifte.de\/index.php?rest_route=\/wp\/v2\/users\/1"}],"replies":[{"embeddable":true,"href":"https:\/\/bundtestifte.de\/index.php?rest_route=%2Fwp%2Fv2%2Fcomments&post=188"}],"version-history":[{"count":1,"href":"https:\/\/bundtestifte.de\/index.php?rest_route=\/wp\/v2\/posts\/188\/revisions"}],"predecessor-version":[{"id":189,"href":"https:\/\/bundtestifte.de\/index.php?rest_route=\/wp\/v2\/posts\/188\/revisions\/189"}],"wp:featuredmedia":[{"embeddable":true,"href":"https:\/\/bundtestifte.de\/index.php?rest_route=\/wp\/v2\/media\/229"}],"wp:attachment":[{"href":"https:\/\/bundtestifte.de\/index.php?rest_route=%2Fwp%2Fv2%2Fmedia&parent=188"}],"wp:term":[{"taxonomy":"category","embeddable":true,"href":"https:\/\/bundtestifte.de\/index.php?rest_route=%2Fwp%2Fv2%2Fcategories&post=188"},{"taxonomy":"post_tag","embeddable":true,"href":"https:\/\/bundtestifte.de\/index.php?rest_route=%2Fwp%2Fv2%2Ftags&post=188"}],"curies":[{"name":"wp","href":"https:\/\/api.w.org\/{rel}","templated":true}]}}