{"id":191,"date":"2018-04-23T18:51:07","date_gmt":"2018-04-23T18:51:07","guid":{"rendered":"http:\/\/bundtestifte.de\/?p=191"},"modified":"2019-04-02T13:02:16","modified_gmt":"2019-04-02T13:02:16","slug":"einladung-zur-mitgliederversammlung-am-07-06-2018","status":"publish","type":"post","link":"https:\/\/bundtestifte.de\/?p=191","title":{"rendered":"Einladung zur Mitgliederversammlung am 07.06.2018"},"content":{"rendered":"<p>Liebe F\u00f6rdervereinsmitglieder,<\/p>\n<p>ich m\u00f6chte alle herzlich zur j\u00e4hrlichen Mitgliederversammlung am 7.6.18 um 18 Uhr im Pferdestall\/auf dem Hof der Schule einladen.<\/p>\n<hr>\n<p><strong><span style=\"color: #3366ff;\">Vorl\u00e4ufige Tagesordnung:<\/span><\/strong><\/p>\n<hr>\n<p><span style=\"color: #3366ff;\">1. Vereinsorganisation, u.a.<\/span><\/p>\n<ul>\n<li>Die Entgegennahme des Rechenschaftsberichtes des Vorstandes sowie des Berichtes des Kassenpr\u00fcfers<\/li>\n<li>Genehmigung der Jahresrechnung sowie des Haushaltplans f\u00fcr das n\u00e4chste Gesch\u00e4ftsjahr<\/li>\n<li>Entlastung des Vorstandes<\/li>\n<li>Wahl und Abberufung des Vorstandes und des Kassenwartes<\/li>\n<li>Wahl des Kassenpr\u00fcfers<\/li>\n<li>Beratung und Beschlussfassung \u00fcber den Jahresabschluss<\/li>\n<li>Beschl\u00fcsse \u00fcber die Satzungs\u00e4nderung und die Aufl\u00f6sung des Vereins<\/li>\n<li>Festlegung der Beitragsh\u00f6he und\/oder einer Beitragsordnung<\/li>\n<\/ul>\n<p><span style=\"color: #3366ff;\">2. Absprachen zu Aktivit\u00e4ten zum Schuljahresende\/ Kulturgewitter\/ Sommerfest<\/span><\/p>\n<p><span style=\"color: #3366ff;\">3. Aktivit\u00e4ten im kommenden Schuljahr<\/span><\/p>\n<p><span style=\"color: #3366ff;\">4. Sonstiges<\/span><\/p>\n<p><span style=\"color: #3366ff;\">5. Terminabsprachen f\u00fcr n\u00e4chstes Treffen<\/span><\/p>\n<p>Ich freue mich auf zahlreiches Erscheinen!!!<\/p>\n<p>Viele Gr\u00fc\u00dfe von Franziska.<\/p>\n","protected":false},"excerpt":{"rendered":"<p>Liebe F\u00f6rdervereinsmitglieder, ich m\u00f6chte alle herzlich zur j\u00e4hrlichen Mitgliederversammlung am 7.6.18 um 18 Uhr im Pferdestall\/auf dem Hof der Schule einladen. Vorl\u00e4ufige Tagesordnung: 1. Vereinsorganisation, u.a. Die Entgegennahme des Rechenschaftsberichtes des Vorstandes sowie des Berichtes des Kassenpr\u00fcfers Genehmigung der Jahresrechnung sowie des Haushaltplans f\u00fcr das n\u00e4chste Gesch\u00e4ftsjahr Entlastung des Vorstandes Wahl und Abberufung des Vorstandes &hellip; <a href=\"https:\/\/bundtestifte.de\/?p=191\" class=\"more-link\"><span class=\"screen-reader-text\">Einladung zur Mitgliederversammlung am 07.06.2018<\/span> weiterlesen<\/a><\/p>\n","protected":false},"author":1,"featured_media":0,"comment_status":"closed","ping_status":"closed","sticky":false,"template":"","format":"aside","meta":{"footnotes":""},"categories":[1,3],"tags":[],"class_list":["post-191","post","type-post","status-publish","format-aside","hentry","category-uncategorized","category-vereinssitzungen","post_format-post-format-aside"],"_links":{"self":[{"href":"https:\/\/bundtestifte.de\/index.php?rest_route=\/wp\/v2\/posts\/191","targetHints":{"allow":["GET"]}}],"collection":[{"href":"https:\/\/bundtestifte.de\/index.php?rest_route=\/wp\/v2\/posts"}],"about":[{"href":"https:\/\/bundtestifte.de\/index.php?rest_route=\/wp\/v2\/types\/post"}],"author":[{"embeddable":true,"href":"https:\/\/bundtestifte.de\/index.php?rest_route=\/wp\/v2\/users\/1"}],"replies":[{"embeddable":true,"href":"https:\/\/bundtestifte.de\/index.php?rest_route=%2Fwp%2Fv2%2Fcomments&post=191"}],"version-history":[{"count":4,"href":"https:\/\/bundtestifte.de\/index.php?rest_route=\/wp\/v2\/posts\/191\/revisions"}],"predecessor-version":[{"id":227,"href":"https:\/\/bundtestifte.de\/index.php?rest_route=\/wp\/v2\/posts\/191\/revisions\/227"}],"wp:attachment":[{"href":"https:\/\/bundtestifte.de\/index.php?rest_route=%2Fwp%2Fv2%2Fmedia&parent=191"}],"wp:term":[{"taxonomy":"category","embeddable":true,"href":"https:\/\/bundtestifte.de\/index.php?rest_route=%2Fwp%2Fv2%2Fcategories&post=191"},{"taxonomy":"post_tag","embeddable":true,"href":"https:\/\/bundtestifte.de\/index.php?rest_route=%2Fwp%2Fv2%2Ftags&post=191"}],"curies":[{"name":"wp","href":"https:\/\/api.w.org\/{rel}","templated":true}]}}