{"id":269,"date":"2019-09-30T12:09:21","date_gmt":"2019-09-30T12:09:21","guid":{"rendered":"http:\/\/bundtestifte.de\/?p=269"},"modified":"2019-09-30T12:09:21","modified_gmt":"2019-09-30T12:09:21","slug":"apfelfest-auf-dem-schulhof","status":"publish","type":"post","link":"https:\/\/bundtestifte.de\/?p=269","title":{"rendered":"Apfelfest auf dem Schulhof"},"content":{"rendered":"\n<p>Am Mittwoch, den 02.10.2019 findet auch in diesem Jahr wieder ein Apfelsfest auf dem Schulgel\u00e4nde statt. P\u00fcnktlich 15:00 Uhr k\u00f6nnt Ihr Euch an unserem Vereinsstand auf viele Leckereien freuen.<\/p>\n\n\n\n<p>Neue Vereinsmitglieder sind sehr gerne gesehen!<\/p>\n","protected":false},"excerpt":{"rendered":"<p>Am Mittwoch, den 02.10.2019 findet auch in diesem Jahr wieder ein Apfelsfest auf dem Schulgel\u00e4nde statt. P\u00fcnktlich 15:00 Uhr k\u00f6nnt Ihr Euch an unserem Vereinsstand auf viele Leckereien freuen. Neue Vereinsmitglieder sind sehr gerne gesehen!<\/p>\n","protected":false},"author":1,"featured_media":270,"comment_status":"open","ping_status":"open","sticky":false,"template":"","format":"standard","meta":{"footnotes":""},"categories":[4,1,22],"tags":[],"class_list":["post-269","post","type-post","status-publish","format-standard","has-post-thumbnail","hentry","category-aktuelles","category-uncategorized","category-veranstaltungen"],"_links":{"self":[{"href":"https:\/\/bundtestifte.de\/index.php?rest_route=\/wp\/v2\/posts\/269","targetHints":{"allow":["GET"]}}],"collection":[{"href":"https:\/\/bundtestifte.de\/index.php?rest_route=\/wp\/v2\/posts"}],"about":[{"href":"https:\/\/bundtestifte.de\/index.php?rest_route=\/wp\/v2\/types\/post"}],"author":[{"embeddable":true,"href":"https:\/\/bundtestifte.de\/index.php?rest_route=\/wp\/v2\/users\/1"}],"replies":[{"embeddable":true,"href":"https:\/\/bundtestifte.de\/index.php?rest_route=%2Fwp%2Fv2%2Fcomments&post=269"}],"version-history":[{"count":1,"href":"https:\/\/bundtestifte.de\/index.php?rest_route=\/wp\/v2\/posts\/269\/revisions"}],"predecessor-version":[{"id":271,"href":"https:\/\/bundtestifte.de\/index.php?rest_route=\/wp\/v2\/posts\/269\/revisions\/271"}],"wp:featuredmedia":[{"embeddable":true,"href":"https:\/\/bundtestifte.de\/index.php?rest_route=\/wp\/v2\/media\/270"}],"wp:attachment":[{"href":"https:\/\/bundtestifte.de\/index.php?rest_route=%2Fwp%2Fv2%2Fmedia&parent=269"}],"wp:term":[{"taxonomy":"category","embeddable":true,"href":"https:\/\/bundtestifte.de\/index.php?rest_route=%2Fwp%2Fv2%2Fcategories&post=269"},{"taxonomy":"post_tag","embeddable":true,"href":"https:\/\/bundtestifte.de\/index.php?rest_route=%2Fwp%2Fv2%2Ftags&post=269"}],"curies":[{"name":"wp","href":"https:\/\/api.w.org\/{rel}","templated":true}]}}