{"id":458,"date":"2025-02-10T14:17:26","date_gmt":"2025-02-10T14:17:26","guid":{"rendered":"https:\/\/bundtestifte.de\/?p=458"},"modified":"2025-02-10T14:17:26","modified_gmt":"2025-02-10T14:17:26","slug":"mitstreiter-herzlich-willkommen","status":"publish","type":"post","link":"https:\/\/bundtestifte.de\/?p=458","title":{"rendered":"Mitstreiter herzlich Willkommen!!!"},"content":{"rendered":"\n<h2 class=\"wp-block-heading\">Gemeinsam k\u00f6nnen wir viel f\u00fcr unsere Schule erreichen!<\/h2>\n\n\n\n<p>Mit unserer Arbeit wollen wir das Leben und Lernen an der Grundschule und Gymnasium unterst\u00fctzen und bereichern.<\/p>\n\n\n\n<p>Wir akquirieren Mittel- und Sachspenden, koordinieren Arbeitseins\u00e4tze, begleiten gemeinsam mit der Schule Veranstaltungen und die j\u00e4hrlichen H\u00f6hepunkte: z.B. das Sommerfest, das Herbstfest mit dem Spendenlauf und den Weihnachtsmarkt.<\/p>\n\n\n\n<p>Wer hat Lust und Zeit uns in unserer Arbeit als aktives Mitglied zu unterst\u00fctzen?<\/p>\n\n\n\n<p>Einfach unter <a href=\"info@bundtestifte.de\">info@bundtestifte.de<\/a> melden. <\/p>\n","protected":false},"excerpt":{"rendered":"<p>Gemeinsam k\u00f6nnen wir viel f\u00fcr unsere Schule erreichen! Mit unserer Arbeit wollen wir das Leben und Lernen an der Grundschule und Gymnasium unterst\u00fctzen und bereichern. Wir akquirieren Mittel- und Sachspenden, koordinieren Arbeitseins\u00e4tze, begleiten gemeinsam mit der Schule Veranstaltungen und die j\u00e4hrlichen H\u00f6hepunkte: z.B. das Sommerfest, das Herbstfest mit dem Spendenlauf und den Weihnachtsmarkt. Wer hat &hellip; <a href=\"https:\/\/bundtestifte.de\/?p=458\" class=\"more-link\"><span class=\"screen-reader-text\">Mitstreiter herzlich Willkommen!!!<\/span> weiterlesen<\/a><\/p>\n","protected":false},"author":1,"featured_media":378,"comment_status":"open","ping_status":"open","sticky":false,"template":"","format":"standard","meta":{"footnotes":""},"categories":[1],"tags":[],"class_list":["post-458","post","type-post","status-publish","format-standard","has-post-thumbnail","hentry","category-uncategorized"],"_links":{"self":[{"href":"https:\/\/bundtestifte.de\/index.php?rest_route=\/wp\/v2\/posts\/458","targetHints":{"allow":["GET"]}}],"collection":[{"href":"https:\/\/bundtestifte.de\/index.php?rest_route=\/wp\/v2\/posts"}],"about":[{"href":"https:\/\/bundtestifte.de\/index.php?rest_route=\/wp\/v2\/types\/post"}],"author":[{"embeddable":true,"href":"https:\/\/bundtestifte.de\/index.php?rest_route=\/wp\/v2\/users\/1"}],"replies":[{"embeddable":true,"href":"https:\/\/bundtestifte.de\/index.php?rest_route=%2Fwp%2Fv2%2Fcomments&post=458"}],"version-history":[{"count":1,"href":"https:\/\/bundtestifte.de\/index.php?rest_route=\/wp\/v2\/posts\/458\/revisions"}],"predecessor-version":[{"id":459,"href":"https:\/\/bundtestifte.de\/index.php?rest_route=\/wp\/v2\/posts\/458\/revisions\/459"}],"wp:featuredmedia":[{"embeddable":true,"href":"https:\/\/bundtestifte.de\/index.php?rest_route=\/wp\/v2\/media\/378"}],"wp:attachment":[{"href":"https:\/\/bundtestifte.de\/index.php?rest_route=%2Fwp%2Fv2%2Fmedia&parent=458"}],"wp:term":[{"taxonomy":"category","embeddable":true,"href":"https:\/\/bundtestifte.de\/index.php?rest_route=%2Fwp%2Fv2%2Fcategories&post=458"},{"taxonomy":"post_tag","embeddable":true,"href":"https:\/\/bundtestifte.de\/index.php?rest_route=%2Fwp%2Fv2%2Ftags&post=458"}],"curies":[{"name":"wp","href":"https:\/\/api.w.org\/{rel}","templated":true}]}}